{"id":669,"date":"2019-10-16T11:45:55","date_gmt":"2019-10-16T11:45:55","guid":{"rendered":"http:\/\/sibratel.com.br\/home\/?p=669"},"modified":"2019-10-16T15:00:13","modified_gmt":"2019-10-16T15:00:13","slug":"voce-sabe-qual-e-a-capacidade-residual-de-sua-empilhadeira","status":"publish","type":"post","link":"https:\/\/sibratel.com.br\/home\/voce-sabe-qual-e-a-capacidade-residual-de-sua-empilhadeira\/","title":{"rendered":"Voc\u00ea sabe qual \u00e9 a capacidade residual de sua empilhadeira?"},"content":{"rendered":"<h1 style=\"text-align: center;\"><strong>Voc\u00ea sabe qual \u00e9 a capacidade residual de sua empilhadeira?<\/strong><\/h1>\n<p><img fetchpriority=\"high\" decoding=\"async\" class=\"aligncenter size-full wp-image-670\" src=\"https:\/\/sibratel.com.br\/home\/wp-content\/uploads\/2019\/10\/voce-sabe-qual-e-a-capacidade-residual-de-sua-empilhadeira.jpg\" alt=\"\" width=\"700\" height=\"400\" srcset=\"https:\/\/sibratel.com.br\/home\/wp-content\/uploads\/2019\/10\/voce-sabe-qual-e-a-capacidade-residual-de-sua-empilhadeira.jpg 700w, https:\/\/sibratel.com.br\/home\/wp-content\/uploads\/2019\/10\/voce-sabe-qual-e-a-capacidade-residual-de-sua-empilhadeira-300x171.jpg 300w\" sizes=\"(max-width: 700px) 100vw, 700px\" \/><\/p>\n<p style=\"text-align: justify;\">Se a resposta para a pergunta do t\u00edtulo for \u201cn\u00e3o\u201d, ent\u00e3o o sinal de alerta deve ficar ligado. Sem saber exatamente qual \u00e9 a capacidade residual de sua empilhadeira, voc\u00ea est\u00e1 expondo seus produtos e colaboradores a um <a href=\"https:\/\/sibratel.com.br\/home\/saiba-o-que-fazer-para-reduzir-acidentes-com-empilhadeiras\/\">grande risco<\/a>.<\/p>\n<p style=\"text-align: justify;\">Mas n\u00e3o se preocupe. Nesse artigo voc\u00ea saber\u00e1 exatamente qual \u00e9 a capacidade residual de sua empilhadeira. Vamos l\u00e1?<\/p>\n<p style=\"text-align: justify;\">Capacidade residual \u00e9 a capacidade da empilhadeira de levantar peso com seguran\u00e7a. A capacidade n\u00e3o \u00e9 um valor fixo. Ele varia de acordo com o peso da carga, suas dimens\u00f5es e a altura em que essa carga ser\u00e1 levantada.<\/p>\n<p style=\"text-align: justify;\">O melhor jeito de entender a import\u00e2ncia da capacidade residual \u00e9 imaginar que a empilhadeira e a carga que ser\u00e1 transportada est\u00e3o em uma gangorra. A empilhadeira do lado direito, e a carga do lado esquerdo.<\/p>\n<p style=\"text-align: justify;\">Se o peso da carga est\u00e1 dentro da capacidade residual da empilhadeira, ent\u00e3o ela ficar\u00e1 na parte de cima da gangorra, e a empilhadeira na parte de baixo, tocando o ch\u00e3o. Caso o limite da capacidade residual seja desobedecido, o oposto ocorre.<\/p>\n<p style=\"text-align: justify;\">A carga tocar\u00e1 o ch\u00e3o, enquanto a empilhadeira ser\u00e1 levantada. Na pr\u00e1tica de armaz\u00e9ns e dep\u00f3sitos, isso significa o tombamento do equipamento, do seu operador e da pr\u00f3pria carga.<\/p>\n<h2 style=\"text-align: justify;\"><strong>Calcule a capacidade residual de sua empilhadeira<\/strong><\/h2>\n<p style=\"text-align: justify;\">Mas, afinal, como \u00e9 poss\u00edvel descobrir a capacidade residual de sua empilhadeira?<\/p>\n<p style=\"text-align: justify;\">\u00c9 preciso levar em considera\u00e7\u00e3o dois fatores: a capacidade de carga padr\u00e3o do equipamento e o centro de gravidade da carga.<\/p>\n<ul style=\"text-align: justify;\">\n<li>\n<h3><strong>Capacidade de carga padr\u00e3o da empilhadeira<\/strong><\/h3>\n<\/li>\n<\/ul>\n<p style=\"text-align: justify;\">A primeira provid\u00eancia a ser tomada \u00e9 definir a capacidade de carga padr\u00e3o. Essa informa\u00e7\u00e3o est\u00e1 dispon\u00edvel na placa de dados da empilhadeira. Normalmente esse informativo fica afixado perto do assento do operador, em local bastante vis\u00edvel.<\/p>\n<p style=\"text-align: justify;\">Essa placa, ali\u00e1s, cont\u00e9m todas as informa\u00e7\u00f5es sobre o equipamento e jamais deve ser retirada ou alterada. Ela informa tamb\u00e9m a capacidade de eleva\u00e7\u00e3o da empilhadeira.<\/p>\n<ul style=\"text-align: justify;\">\n<li>\n<h3><strong>Centro de gravidade (CG) da carga<\/strong><\/h3>\n<\/li>\n<\/ul>\n<p style=\"text-align: justify;\">Em uma empilhadeira m\u00e9dia, o centro de gravidade de uma carga com 48 cent\u00edmetros de comprimento e 48 cent\u00edmetros de altura fica 24 polegadas acima dos garfos e a 24 polegadas do encosto.<\/p>\n<p style=\"text-align: justify;\">Entretanto, \u00e9 preciso estar atento aos deslocamentos desse centro de gravidade \u00e0 medida que a carga \u00e9 elevada ou quando a empilhadeira se desloca.<\/p>\n<p style=\"text-align: justify;\">Ao levantar a carga, por exemplo, o centro de gravidade \u00e9 deslocado para a frente. O mesmo acontece se a carga \u00e9 inclinada para a frente. J\u00e1 se o mastro \u00e9 inclinado para tr\u00e1s, o centro de gravidade tamb\u00e9m se movimenta para tr\u00e1s.<\/p>\n<p style=\"text-align: justify;\">\u00c9 importante observar tamb\u00e9m que a capacidade da empilhadeira muda quando h\u00e1 <a href=\"https:\/\/sibratel.com.br\/home\/evite-acidentes-respeite-o-limite-de-transporte-de-carga-da-empilhadeira\/\">movimento<\/a>. Uma empilhadeira com capacidade normal de 4.000 kgs pode passar a ter capacidade de apenas 2.000 Kgs quando a carga \u00e9 levantada.<\/p>\n<p style=\"text-align: justify;\">Por fim, para saber os impactos das movimenta\u00e7\u00f5es na capacidade do equipamento, analise a placa de dados.<\/p>\n<h3 style=\"text-align: justify;\"><strong>Sibratel atua exclusivamente com empilhadeiras desde o ano 2000<\/strong><\/h3>\n<p style=\"text-align: justify;\">Qualquer que seja a capacidade residual que a sua empresa precisa, a Sibratel tem a solu\u00e7\u00e3o, com o melhor custo\/benef\u00edcio. A Sibratel atua exclusivamente com empilhadeiras h\u00e1 19 anos, tendo conquistado, no per\u00edodo, a satisfa\u00e7\u00e3o de dezenas de clientes. <a href=\"https:\/\/sibratel.com.br\/home\/locacao\/\">Confira nossa linha de produtos<\/a>.<\/p>\n<p style=\"text-align: justify;\">(Imagem: Divulga\u00e7\u00e3o)<\/p>\n","protected":false},"excerpt":{"rendered":"<p>Voc\u00ea sabe qual \u00e9 a capacidade residual de sua empilhadeira? Se a resposta para a pergunta do t\u00edtulo for \u201cn\u00e3o\u201d, ent\u00e3o o sinal de alerta deve ficar ligado. Sem saber exatamente qual \u00e9 a capacidade residual de sua empilhadeira, voc\u00ea est\u00e1 expondo seus produtos e colaboradores a um grande risco. Mas n\u00e3o se preocupe. Nesse [&hellip;]<\/p>\n","protected":false},"author":2,"featured_media":670,"comment_status":"closed","ping_status":"closed","sticky":false,"template":"","format":"standard","meta":{"om_disable_all_campaigns":false,"_monsterinsights_skip_tracking":false,"_monsterinsights_sitenote_active":false,"_monsterinsights_sitenote_note":"","_monsterinsights_sitenote_category":0,"footnotes":""},"categories":[3],"tags":[],"aioseo_notices":[],"_links":{"self":[{"href":"https:\/\/sibratel.com.br\/home\/wp-json\/wp\/v2\/posts\/669"}],"collection":[{"href":"https:\/\/sibratel.com.br\/home\/wp-json\/wp\/v2\/posts"}],"about":[{"href":"https:\/\/sibratel.com.br\/home\/wp-json\/wp\/v2\/types\/post"}],"author":[{"embeddable":true,"href":"https:\/\/sibratel.com.br\/home\/wp-json\/wp\/v2\/users\/2"}],"replies":[{"embeddable":true,"href":"https:\/\/sibratel.com.br\/home\/wp-json\/wp\/v2\/comments?post=669"}],"version-history":[{"count":2,"href":"https:\/\/sibratel.com.br\/home\/wp-json\/wp\/v2\/posts\/669\/revisions"}],"predecessor-version":[{"id":674,"href":"https:\/\/sibratel.com.br\/home\/wp-json\/wp\/v2\/posts\/669\/revisions\/674"}],"wp:featuredmedia":[{"embeddable":true,"href":"https:\/\/sibratel.com.br\/home\/wp-json\/wp\/v2\/media\/670"}],"wp:attachment":[{"href":"https:\/\/sibratel.com.br\/home\/wp-json\/wp\/v2\/media?parent=669"}],"wp:term":[{"taxonomy":"category","embeddable":true,"href":"https:\/\/sibratel.com.br\/home\/wp-json\/wp\/v2\/categories?post=669"},{"taxonomy":"post_tag","embeddable":true,"href":"https:\/\/sibratel.com.br\/home\/wp-json\/wp\/v2\/tags?post=669"}],"curies":[{"name":"wp","href":"https:\/\/api.w.org\/{rel}","templated":true}]}}