{"id":829,"date":"2021-05-27T12:30:34","date_gmt":"2021-05-27T12:30:34","guid":{"rendered":"http:\/\/sibratel.com.br\/home\/?p=829"},"modified":"2023-07-30T19:40:45","modified_gmt":"2023-07-30T19:40:45","slug":"sibratel-ja-esta-se-adequando-a-lgpd-lei-geral-de-protecao-de-dados","status":"publish","type":"post","link":"https:\/\/sibratel.com.br\/home\/sibratel-ja-esta-se-adequando-a-lgpd-lei-geral-de-protecao-de-dados\/","title":{"rendered":"Sibratel j\u00e1 est\u00e1 se adequando \u00e0 LGPD &#8211; Lei Geral de Prote\u00e7\u00e3o de Dados"},"content":{"rendered":"<h1 style=\"text-align: center;\"><strong>Sibratel j\u00e1 est\u00e1 se adequando \u00e0 LGPD &#8211; Lei Geral de Prote\u00e7\u00e3o de Dados<\/strong><\/h1>\n<p style=\"text-align: justify;\"><a href=\"https:\/\/sibratel.com.br\/home\/wp-content\/uploads\/2021\/05\/sibratel-ja-esta-se-adequando-a-lgpd-lei-geral-de-protecao-de-dados.jpg\"><img fetchpriority=\"high\" decoding=\"async\" class=\"alignnone wp-image-1291 size-full\" src=\"https:\/\/sibratel.com.br\/home\/wp-content\/uploads\/2021\/05\/sibratel-ja-esta-se-adequando-a-lgpd-lei-geral-de-protecao-de-dados.jpg\" alt=\"\" width=\"700\" height=\"400\" \/><\/a><\/p>\n<p style=\"text-align: justify;\">Voc\u00ea sabe o que \u00e9 a LGPD &#8211; Lei Geral de Prote\u00e7\u00e3o de Dados? Trata-se de uma nova legisla\u00e7\u00e3o, que entrou em vigor, e que visa proteger as informa\u00e7\u00f5es pessoais de todos os brasileiros.<\/p>\n<p style=\"text-align: justify;\">A <a href=\"https:\/\/sibratel.com.br\/home\/como-a-sibratel-pode-me-ajudar-a-diminuir-custos-logisticos\/\">Sibratel<\/a>, claro, j\u00e1 est\u00e1 se adequando \u00e0s novas exig\u00eancias da lei, protegendo os dados pessoais de seus clientes. Saiba mais.<\/p>\n<h2 style=\"text-align: justify;\"><strong>O que \u00e9 a LGPD<\/strong><\/h2>\n<p style=\"text-align: justify;\">A Lei Geral de Prote\u00e7\u00e3o de Dados (LGPD) foi criada em 2018 e j\u00e1 est\u00e1 em vigor. A <a href=\"https:\/\/sibratel.com.br\/home\/existe-alguma-legislacao-que-regulamente-o-trabalho-de-operador-de-empilhadeira\/\">legisla\u00e7\u00e3o<\/a> obriga empresas e \u00f3rg\u00e3os p\u00fablicos a alterar a forma com que lidam com os dados pessoais dos seus clientes.<\/p>\n<p style=\"text-align: justify;\">O objetivo da mudan\u00e7a \u00e9 aumentar a privacidade de todos e tornar mais transparente o uso que a empresa d\u00e1 aos dados coletados.<\/p>\n<p style=\"text-align: justify;\">A partir de agora, por exemplo, um cliente pode perguntar \u00e0 empresa quais informa\u00e7\u00f5es a companhia tem sobre ele. E pode at\u00e9 mesmo solicitar que essas informa\u00e7\u00f5es &#8211; RG, CPF, PIS e endere\u00e7o, por exemplo &#8211; sejam apagadas.<\/p>\n<h2 style=\"text-align: justify;\"><strong>Empresas precisam explicar os motivos de estar pedindo informa\u00e7\u00f5es pessoais<\/strong><\/h2>\n<p style=\"text-align: justify;\">Quantas vezes voc\u00ea j\u00e1 tentou acessar um site ou usar um aplicativo e precisou preencher um formul\u00e1rio? Voc\u00ea sabe por que a empresa pediu essas informa\u00e7\u00f5es? Antigamente a resposta seria \u201cn\u00e3o\u201d.<\/p>\n<p style=\"text-align: justify;\">Mas a partir de agora os motivos do pedido precisam estar claros. Al\u00e9m disso, as companhias est\u00e3o proibidas de usar informa\u00e7\u00f5es pessoais dos clientes para outros fins que n\u00e3o sejam exatamente \u00e0queles que constam nas justificativas. Ah! Se a informa\u00e7\u00e3o ficar armazenada, a empresa tamb\u00e9m precisa justificar o motivo desse armazenamento.<\/p>\n<p style=\"text-align: justify;\">Sabe os casos recentes de vazamentos de dados dos clientes na internet? Pois agora o consumidor pode processar e responsabilizar as empresas caso suas informa\u00e7\u00f5es pessoais sejam \u201croubadas\u201d. A multa para quem descumprir a lei \u00e9 alta: at\u00e9 R$ 50 milh\u00f5es ou at\u00e9 2% do faturamento por infra\u00e7\u00e3o.<\/p>\n<p>Vale ressaltar, entretanto, que algumas finalidades de tratamento s\u00e3o consideradas \u201cexce\u00e7\u00f5es\u201d \u00e0 lei, como, por exemplo, para fins jornal\u00edsticos, art\u00edsticos, acad\u00eamicos, seguran\u00e7a p\u00fablica e investiga\u00e7\u00e3o dentre outras.<\/p>\n<h2 style=\"text-align: justify;\"><strong>Sibratel garante seguran\u00e7a das informa\u00e7\u00f5es<\/strong><\/h2>\n<p style=\"text-align: justify;\">Em comunicado enviado aos seus clientes, a Sibratel contou um pouco sobre as adapta\u00e7\u00f5es realizadas para esse novo momento.<\/p>\n<p style=\"text-align: justify;\">\u201cVivemos na era da informa\u00e7\u00e3o digital e da troca de dados entre pessoas e empresas.<\/p>\n<p style=\"text-align: justify;\">A Sibratel sempre prezou pela excel\u00eancia nas rela\u00e7\u00f5es com seus clientes, por isso investe continuamente no desenvolvimento e aprimoramento de sua estrutura tecnol\u00f3gica, de sistemas e relacionamento com seus clientes, parceiros e colaboradores.<\/p>\n<p style=\"text-align: justify;\">Mantendo essa evolu\u00e7\u00e3o e melhoria, temos a satisfa\u00e7\u00e3o de informar que j\u00e1 estamos em processo de adequa\u00e7\u00e3o \u00e0 Lei Geral de Prote\u00e7\u00e3o de Dados \u2013 LGPD\u201d, afirma o comunicado.<\/p>\n<p style=\"text-align: justify;\">Para garantir que os dados sens\u00edveis estejam sendo usados de maneira correta, a Sibratel contratou uma empresa especialista no assunto para gerir as informa\u00e7\u00f5es de seus clientes.<\/p>\n<p style=\"text-align: justify;\">\u201cPor esse motivo, nossos processos de tratamento de dados est\u00e3o sofrendo algumas altera\u00e7\u00f5es e melhorias, com foco constante em seguran\u00e7a, transpar\u00eancia, efici\u00eancia e confiabilidade para nossos clientes, parceiros e colaboradores\u201d, diz o comunicado.<\/p>\n<p style=\"text-align: justify;\">\u201cOs dados que recebemos e tratamos s\u00e3o de extrema import\u00e2ncia para n\u00f3s e queremos que essa responsabilidade, \u00e9tica e pioneirismo continuem sendo nossa caracter\u00edstica\u201d, complementa.<\/p>\n<p style=\"text-align: justify;\">Em breve clientes e fornecedores ser\u00e3o comunicados sobre as novas pol\u00edticas de privacidade e tratamento de dados da Sibratel. A cultura de prote\u00e7\u00e3o e privacidade de dados, que j\u00e1 recebia aten\u00e7\u00e3o especial da companhia, agora \u00e9 considerada um dos pilares de atua\u00e7\u00e3o da empresa.<\/p>\n<p style=\"text-align: justify;\">Quer conhecer mais sobre a Sibratel? <a href=\"https:\/\/sibratel.com.br\/home\/artigos\/\">Visite o nosso blog.<\/a><\/p>\n<p style=\"text-align: justify;\"><em>(Imagem:\u00a0 divulga\u00e7\u00e3o)<\/em><\/p>\n","protected":false},"excerpt":{"rendered":"<p>Sibratel j\u00e1 est\u00e1 se adequando \u00e0 LGPD &#8211; Lei Geral de Prote\u00e7\u00e3o de Dados Voc\u00ea sabe o que \u00e9 a LGPD &#8211; Lei Geral de Prote\u00e7\u00e3o de Dados? Trata-se de uma nova legisla\u00e7\u00e3o, que entrou em vigor, e que visa proteger as informa\u00e7\u00f5es pessoais de todos os brasileiros. A Sibratel, claro, j\u00e1 est\u00e1 se adequando [&hellip;]<\/p>\n","protected":false},"author":2,"featured_media":1291,"comment_status":"closed","ping_status":"closed","sticky":false,"template":"","format":"standard","meta":{"om_disable_all_campaigns":false,"_monsterinsights_skip_tracking":false,"_monsterinsights_sitenote_active":false,"_monsterinsights_sitenote_note":"","_monsterinsights_sitenote_category":0,"footnotes":""},"categories":[3],"tags":[],"aioseo_notices":[],"_links":{"self":[{"href":"https:\/\/sibratel.com.br\/home\/wp-json\/wp\/v2\/posts\/829"}],"collection":[{"href":"https:\/\/sibratel.com.br\/home\/wp-json\/wp\/v2\/posts"}],"about":[{"href":"https:\/\/sibratel.com.br\/home\/wp-json\/wp\/v2\/types\/post"}],"author":[{"embeddable":true,"href":"https:\/\/sibratel.com.br\/home\/wp-json\/wp\/v2\/users\/2"}],"replies":[{"embeddable":true,"href":"https:\/\/sibratel.com.br\/home\/wp-json\/wp\/v2\/comments?post=829"}],"version-history":[{"count":6,"href":"https:\/\/sibratel.com.br\/home\/wp-json\/wp\/v2\/posts\/829\/revisions"}],"predecessor-version":[{"id":1292,"href":"https:\/\/sibratel.com.br\/home\/wp-json\/wp\/v2\/posts\/829\/revisions\/1292"}],"wp:featuredmedia":[{"embeddable":true,"href":"https:\/\/sibratel.com.br\/home\/wp-json\/wp\/v2\/media\/1291"}],"wp:attachment":[{"href":"https:\/\/sibratel.com.br\/home\/wp-json\/wp\/v2\/media?parent=829"}],"wp:term":[{"taxonomy":"category","embeddable":true,"href":"https:\/\/sibratel.com.br\/home\/wp-json\/wp\/v2\/categories?post=829"},{"taxonomy":"post_tag","embeddable":true,"href":"https:\/\/sibratel.com.br\/home\/wp-json\/wp\/v2\/tags?post=829"}],"curies":[{"name":"wp","href":"https:\/\/api.w.org\/{rel}","templated":true}]}}